{"id":671,"date":"2025-01-02T15:36:46","date_gmt":"2025-01-02T14:36:46","guid":{"rendered":"https:\/\/autismusinfo.com\/?p=671"},"modified":"2025-01-02T15:36:46","modified_gmt":"2025-01-02T14:36:46","slug":"wie-autistische-menschen-von-sport-und-bewegung-profitieren-koennen","status":"publish","type":"post","link":"https:\/\/autismusinfo.com\/da\/wie-autistische-menschen-von-sport-und-bewegung-profitieren-koennen\/","title":{"rendered":"Wie autistische Menschen von Sport und Bewegung profitieren k\u00f6nnen"},"content":{"rendered":"<section class=\"bde-section-671-110 bde-section\">\n  \n  \n\t\n\n\n\n<div class=\"section-container\"><div class=\"bde-button-671-109 bde-button\">\n        \n    \n    \n    \n    \n            \n                    \n            \n            \n\n    \n    \n    \n    \n    \n    <a class=\"breakdance-link button-atom button-atom--primary bde-button__button\" href=\"https:\/\/autismusinfo.com\/da\/blog\/\" target=\"_self\" data-type=\"url\"  >\n\n    \n        <span class=\"button-atom__text\">Zur\u00fcck<\/span>\n\n        \n        \n                <\/a>\n\n    \n\n\n<\/div><\/div>\n<\/section><section class=\"bde-section-671-102 bde-section\">\n  \n  \n\t\n\n\n\n<div class=\"section-container\"><div class=\"bde-columns-671-106 bde-columns\"><div class=\"bde-column-671-107 bde-column\">\n  \n  \n\t\n\n\n\n<h1 class=\"bde-heading-671-101 bde-heading\">\nWie autistische Menschen von Sport und Bewegung profitieren k\u00f6nnen\n<\/h1><div class=\"bde-text-671-111 bde-text\">\n2. januar 2025\n<\/div>\n<\/div><div class=\"bde-column-671-108 bde-column\">\n  \n  \n\t\n\n\n\n<div class=\"bde-image-671-105 bde-image\">\n<figure class=\"breakdance-image breakdance-image--672\">\n\t<div class=\"breakdance-image-container\">\n\t\t<div class=\"breakdance-image-clip\"><img loading=\"lazy\" decoding=\"async\" class=\"breakdance-image-object\" src=\"https:\/\/autismusinfo.com\/wp-content\/uploads\/2025\/01\/Sport.png\" width=\"582\" height=\"578\" srcset=\"https:\/\/autismusinfo.com\/wp-content\/uploads\/2025\/01\/Sport.png 582w, https:\/\/autismusinfo.com\/wp-content\/uploads\/2025\/01\/Sport-300x298.png 300w, https:\/\/autismusinfo.com\/wp-content\/uploads\/2025\/01\/Sport-150x150.png 150w, https:\/\/autismusinfo.com\/wp-content\/uploads\/2025\/01\/Sport-12x12.png 12w\" sizes=\"auto, (max-width: 582px) 100vw, 582px\"><\/div>\n\t<\/div><\/figure>\n\n<\/div>\n<\/div><\/div><\/div>\n<\/section><section class=\"bde-section-671-112 bde-section\">\n  \n  \n\t\n\n\n\n<div class=\"section-container\"><div class=\"bde-rich-text-671-113 bde-rich-text breakdance-rich-text-styles\">\n<p><strong>Von Professor Tony Attwood, \u00dcbersetzung \u2013 Sigrid Andersen<\/strong><\/p>\n<p><br \/>Autistische Teenager sind h\u00e4ufig k\u00f6rperlich weniger aktiv als nicht-autistische Gleichaltrige. Nat\u00fcrlich stellen die Eltern dabei fest, dass autistische Teenager nicht so h\u00e4ufig an offiziellen und inoffiziellen Sportaktivit\u00e4ten als nicht-autistische Gleichaltrige teilnehmen k\u00f6nnen. Dies betrifft besonders Team- und Profisport, da hier das Soziale und Dyspraxie (Koordinationsst\u00f6rung) besonders gro\u00dfe Herausforderungen darstellen. Das f\u00fchrt dazu, dass Betroffene h\u00e4ufiger \u00fcbergewichtig und\/oder weniger k\u00f6rperlich fit sind, wenn man Werte wie Herz-Kreislauf-Fitness, Kr\u00e4ftigung des Oberk\u00f6rpers und Rumpfes, Ausdauer und Beweglichkeit des Unterk\u00f6rpers betrachtet.<\/p>\n<p>Es gibt viele Faktoren, die sowohl Sportaktivit\u00e4ten alleine als auch in der Gruppe erschweren. Dazu geh\u00f6ren schlechte Kondition und Ballfertigkeiten, die wiederum zu einem geringen Selbstwertgef\u00fchl f\u00fchren. H\u00e4ufig werden Betroffene von k\u00f6rperlich fitteren Gleichaltrigen gemobbt. Dazu kommen Schwierigkeiten bei der Kontrolle des Verhaltens und der Emotionen, die die Teilnahme an Gruppenaktivit\u00e4ten einschr\u00e4nken oder unm\u00f6glich machen sowie eine Vorliebe f\u00fcr sitzende, bildschirmbasierte und intellektuelle Besch\u00e4ftigungen. Andere Aktivit\u00e4ten werden manchmal vehement abgelehnt. Sportbetreuende verf\u00fcgen oft nicht \u00fcber Fachkenntnisse im Bereich Autismus und bieten nicht-autistischen Gleichaltrigen wenig Anleitung, wie sie auf die Besonderheiten der autistischen Personen aus ihrer Klasse oder ihrer Teammitglieder eingehen k\u00f6nnen. Wir wissen jedoch, wie wichtig Bewegung f\u00fcr die k\u00f6rperliche und geistige Gesundheit sowie f\u00fcr klares Denken ist. Bewegung ist h\u00e4ufig auch ein wichtiger Bestandteil von kognitiver Verhaltenstherapie zur Behandlung von Angst, Depression und Wut.<\/p>\n<p>Eine k\u00fcrzlich durchgef\u00fchrte, detaillierte Pr\u00fcfung der Forschung dazu, wie wichtig Bewegung f\u00fcr autistische Kinder und Jugendliche ist, zeigte, dass Bewegung als evidenzbasierte Strategie von gro\u00dfer Bedeutung ist (Healy et al., 2018). Die Analyse best\u00e4tigte eine positive Wirkung auf das handwerkliche Geschick, die Bewegungsfunktion, fitnessbezogene und soziale Fertigkeiten sowie auf Muskelkraft, Ausdauer und Beweglichkeit.<\/p>\n<p>Bei dieser Analyse wurden viele verschiedene Bewegungsformen untersucht, darunter das Young Athletes Programm, Trampolinsport, Reiten, computerbasierte Bewegungsformen wie Nintendo Wii Exergaming, Laufen und Joggen sowie Wassergymnastik. Interessant ist, dass Reiten auch den Aufbau einer Beziehung zu den Pferden erleichterte, was schlie\u00dflich zu weniger sozialem R\u00fcckzug f\u00fchrte.<\/p>\n<p>Es sollte daher stets sorgf\u00e4ltig \u00fcberlegt werden, welche k\u00f6rperliche Aktivit\u00e4t am besten f\u00fcr die physischen und psychischen Bed\u00fcrfnisse der einzelnen Jugendlichen geeignet ist. In diesem Zusammenhang kann auch eine Einsch\u00e4tzung von Fachkr\u00e4ften auf den Gebieten Fitness oder Physiotherapie\/Ergotherapie wertvoll sein, um K\u00f6rpertyp, Fitness und motorische F\u00e4higkeiten der betroffenen Person zu ermitteln. Auch Fachkr\u00e4fte auf dem Gebiet Personal Training k\u00f6nnen ein individuelles Fitnessprogramm erstellen und Motivation, Engagement und Erfolgserlebnisse unterst\u00fctzen.<\/p>\n<p>Eltern und Lehrkr\u00e4fte sollten regelm\u00e4\u00dfige Bewegung in den Schul- und Familienalltag autistischer Jugendlicher integrieren, um so Fitness, k\u00f6rperliche und mentale Gesundheit, kognitive F\u00e4higkeiten und Selbstwertgef\u00fchl zu verbessern. Aus meiner umfangreichen klinischen Erfahrung k\u00f6nnen autistische Jugendliche, die eine bestimmte Sportart aktiv aus\u00fcben und schlie\u00dflich zu einem Spezialinteresse machen, k\u00f6rperliche F\u00e4higkeiten entwickeln, die olympischem Standard entsprechen.<\/p>\n<p><strong>Quellenangaben:<\/strong><\/p>\n<p>Quelle: Mit freundlicher Genehmigung von Prof. Tony Attwood und Dr. Michelle Garnett: https:\/\/attwoodandgarnettevents.com\/category\/attwood-and-garnett-blog\/<\/p>\n<p>Healey et al (2018) The effect of physical activity interventions on youth with Autism Spectrum Disorder: A meta-analysis. Autism Research 11 818-833.<\/p>\n<p><br \/><strong>Eigene Gedanken zu diesem Artikel:<\/strong><br \/>Bei Sport und Bewegung k\u00f6nnen zudem sensorische Reize eine gro\u00dfe Herausforderung darstellen. Daher ist es h\u00e4ufig wichtig, eine Bewegungsform zu finden, die dem sensorischen Profil der Betroffenen entspricht und ihnen wirklich Spa\u00df macht. Besonders geeignet ist neuesten Studien zufolge schwimmen.<\/p>\n<p>\u00a0<\/p>\n<\/div><div class=\"bde-back-to-top-671-114 bde-back-to-top bde-back-to-top--progress is-sticky\">\n\n\n<button aria-label=\"Back to top\" tabindex=\"0\" class=\"bde-back-to-top__button bde-back-to-top__button--progress bde-back-to-top__button--show-always bde-back-to-top__button--animation-fade is-sticky  js-ee-back-to-top\">\n    \t<svg class=\"bde-back-to-top__progress-svg js-progress-svg\" width=\"100%\" height=\"100%\" viewbox=\"-1 -1 102 102\">\n\t  <path class=\"background\" d=\"M50,1 a49,49 0 0,1 0,98 a49,49 0 0,1 0,-98\"\/>\n      <path class=\"tracker\" d=\"M50,1 a49,49 0 0,1 0,98 a49,49 0 0,1 0,-98\"\/>\n  \t<\/svg>\n         <div class=\"bde-back-to-top__icon-wrap\">\n              <svg xmlns=\"http:\/\/www.w3.org\/2000\/svg\" viewbox=\"0 0 384 512\"><!--! Font Awesome Pro 6.2.0 by @fontawesome - https:\/\/fontawesome.com License - https:\/\/fontawesome.com\/license (Commercial License) Copyright 2022 Fonticons, Inc. --><path d=\"M214.6 57.4L192 34.7 169.4 57.4l-144 144L2.7 224 48 269.2l22.6-22.6L160 157.2V448v32h64V448 157.2l89.4 89.4L336 269.2 381.3 224l-22.6-22.6-144-144z\"\/><\/svg>\n          <\/div>\n    <\/button>\n\n\n<\/div><\/div>\n<\/section>","protected":false},"excerpt":{"rendered":"<p>Zur\u00fcck Wie autistische Menschen von Sport und Bewegung profitieren k\u00f6nnen 2. januar 2025 Von Professor Tony Attwood, \u00dcbersetzung \u2013 Sigrid Andersen Autistische Teenager sind h\u00e4ufig k\u00f6rperlich weniger aktiv als nicht-autistische Gleichaltrige. Nat\u00fcrlich stellen die Eltern dabei fest, dass autistische Teenager nicht so h\u00e4ufig an offiziellen und inoffiziellen Sportaktivit\u00e4ten als nicht-autistische Gleichaltrige teilnehmen k\u00f6nnen. Dies betrifft [&hellip;]<\/p>\n","protected":false},"author":1,"featured_media":672,"comment_status":"closed","ping_status":"open","sticky":false,"template":"","format":"standard","meta":{"_breakdance_hide_in_design_set":false,"_breakdance_tags":"","footnotes":""},"categories":[1],"tags":[],"class_list":["post-671","post","type-post","status-publish","format-standard","has-post-thumbnail","hentry","category-uncategorized"],"post_mailing_queue_ids":[],"_links":{"self":[{"href":"https:\/\/autismusinfo.com\/da\/wp-json\/wp\/v2\/posts\/671","targetHints":{"allow":["GET"]}}],"collection":[{"href":"https:\/\/autismusinfo.com\/da\/wp-json\/wp\/v2\/posts"}],"about":[{"href":"https:\/\/autismusinfo.com\/da\/wp-json\/wp\/v2\/types\/post"}],"author":[{"embeddable":true,"href":"https:\/\/autismusinfo.com\/da\/wp-json\/wp\/v2\/users\/1"}],"replies":[{"embeddable":true,"href":"https:\/\/autismusinfo.com\/da\/wp-json\/wp\/v2\/comments?post=671"}],"version-history":[{"count":2,"href":"https:\/\/autismusinfo.com\/da\/wp-json\/wp\/v2\/posts\/671\/revisions"}],"predecessor-version":[{"id":674,"href":"https:\/\/autismusinfo.com\/da\/wp-json\/wp\/v2\/posts\/671\/revisions\/674"}],"wp:featuredmedia":[{"embeddable":true,"href":"https:\/\/autismusinfo.com\/da\/wp-json\/wp\/v2\/media\/672"}],"wp:attachment":[{"href":"https:\/\/autismusinfo.com\/da\/wp-json\/wp\/v2\/media?parent=671"}],"wp:term":[{"taxonomy":"category","embeddable":true,"href":"https:\/\/autismusinfo.com\/da\/wp-json\/wp\/v2\/categories?post=671"},{"taxonomy":"post_tag","embeddable":true,"href":"https:\/\/autismusinfo.com\/da\/wp-json\/wp\/v2\/tags?post=671"}],"curies":[{"name":"wp","href":"https:\/\/api.w.org\/{rel}","templated":true}]}}