{"id":515,"date":"2024-09-29T15:01:48","date_gmt":"2024-09-29T13:01:48","guid":{"rendered":"https:\/\/autismusinfo.com\/?p=515"},"modified":"2024-09-29T15:01:48","modified_gmt":"2024-09-29T13:01:48","slug":"was-ist-autismus","status":"publish","type":"post","link":"https:\/\/autismusinfo.com\/en\/was-ist-autismus\/","title":{"rendered":"Was ist Autismus?"},"content":{"rendered":"<section class=\"bde-section-515-110 bde-section\">\n  \n  \n\t\n\n\n\n<div class=\"section-container\"><div class=\"bde-button-515-109 bde-button\">\n        \n    \n    \n    \n    \n            \n                    \n            \n            \n\n    \n    \n    \n    \n    \n    <a class=\"breakdance-link button-atom button-atom--primary bde-button__button\" href=\"https:\/\/autismusinfo.com\/en\/blog\/\" target=\"_self\" data-type=\"url\"  >\n\n    \n        <span class=\"button-atom__text\">Zur\u00fcck<\/span>\n\n        \n        \n                <\/a>\n\n    \n\n\n<\/div><\/div>\n<\/section><section class=\"bde-section-515-102 bde-section\">\n  \n  \n\t\n\n\n\n<div class=\"section-container\"><div class=\"bde-columns-515-106 bde-columns\"><div class=\"bde-column-515-107 bde-column\">\n  \n  \n\t\n\n\n\n<h1 class=\"bde-heading-515-101 bde-heading\">\nWas ist Autismus?\n<\/h1><div class=\"bde-text-515-111 bde-text\">\n29. September 2024\n<\/div>\n<\/div><div class=\"bde-column-515-108 bde-column\">\n  \n  \n\t\n\n\n\n<div class=\"bde-image-515-105 bde-image\">\n<figure class=\"breakdance-image breakdance-image--517\">\n\t<div class=\"breakdance-image-container\">\n\t\t<div class=\"breakdance-image-clip\"><img loading=\"lazy\" decoding=\"async\" class=\"breakdance-image-object\" src=\"https:\/\/autismusinfo.com\/wp-content\/uploads\/2024\/09\/Was-ist-Autismus.png\" width=\"758\" height=\"755\" srcset=\"https:\/\/autismusinfo.com\/wp-content\/uploads\/2024\/09\/Was-ist-Autismus.png 758w, https:\/\/autismusinfo.com\/wp-content\/uploads\/2024\/09\/Was-ist-Autismus-300x300.png 300w, https:\/\/autismusinfo.com\/wp-content\/uploads\/2024\/09\/Was-ist-Autismus-150x150.png 150w, https:\/\/autismusinfo.com\/wp-content\/uploads\/2024\/09\/Was-ist-Autismus-12x12.png 12w\" sizes=\"auto, (max-width: 758px) 100vw, 758px\"><\/div>\n\t<\/div><\/figure>\n\n<\/div>\n<\/div><\/div><\/div>\n<\/section><section class=\"bde-section-515-112 bde-section\">\n  \n  \n\t\n\n\n\n<div class=\"section-container\"><div class=\"bde-rich-text-515-113 bde-rich-text breakdance-rich-text-styles\">\n<p>Von Dr. Michelle Garnett und Prof. Tony Attwood \u2013 \u00dcbersetzung: ProZ-Probono-Netzwerk<\/p>\n<p><strong>Was ist Autismus?<\/strong><\/p>\n<p>Es gibt so viele W\u00f6rter f\u00fcr ASS, einschlie\u00dflich Autismus, hochfunktionaler Autismus, Asperger-Syndrom und Autismus-Spektrum-St\u00f6rung, um nur einige zu nennen. Das am h\u00e4ufigsten verwendete ist Autismus-Spektrum-St\u00f6rung (ASS). ASS ist ein Begriff, mit dem einige einzigartige Aspekte in Bezug darauf beschrieben werden, wie das Gehirn einer autistischen Person funktioniert. Es ist bedauerlich, dass der Begriff Autismus-Spektrum-St\u00f6rung das Wort \u201eSt\u00f6rung\u201c beinhaltet. Denn wie ein kleiner Junge mit ASS schon sagte: \u201eAber mein Gehirn ist immer sehr ordentlich.\u201c Wir w\u00fcrden ASS lieber als ASD (Autismus-Spektrum-Differenzierung) bezeichnen und uns auf die \u201eDifferenzierung\u201c konzentrieren. Vielleicht k\u00f6nnen Sie, wenn Sie ASS h\u00f6ren, ja auch an Autismus-Spektrum-Differenzierung denken! Wir werden aber die Begriffe Autismus und ASS in diesem Blogbeitrag verwenden.<\/p>\n<p><strong>Was sind also die Unterschiede?<\/strong><\/p>\n<p>Zusammengefasst k\u00f6nnte man sagen, dass autistische Personen Gehirne haben, die nicht angeboren oder intuitiv verstehen, wie man mit anderen Menschen interagiert. F\u00fcr soziale Interaktionen muss man z.\u00a0B. wissen, wie man ein Gesicht liest, K\u00f6rpersprache benutzt, ein Gespr\u00e4ch beginnt, warum wir gr\u00fc\u00dfen und Namen von Menschen verwenden, und wie man daraus ableitet, was die Leute denken und erwarten. Wie gro\u00df diese Differenzierung ist, reicht von \u00fcberhaupt keiner Sozialkompetenz, \u00fcber das theoretische Wissen, was soziale Interaktion ist und wie sie abl\u00e4uft, bis hin zur F\u00e4higkeit, sozial einigerma\u00dfen gut zu interagieren, indem andere Bereiche des Gehirns hierf\u00fcr einsetzt werden. Zus\u00e4tzlich zu diesen sozialen Schwierigkeiten haben autistische Personen meist Probleme damit, die Informationen zu verarbeiten, die \u00fcber die Sinne ins Gehirn gelangen, und\/oder zeigen starres und sich wiederholendes Verhalten. Mit anderen Worten, sie kommen nicht gut mit Ver\u00e4nderungen oder \u00dcberg\u00e4ngen zurecht und neigen dazu, Dinge immer wieder auf die gleiche Weise zu tun.<\/p>\n<p><strong>ASS, Stufe 1, 2 &amp; 3.<\/strong><\/p>\n<p>Der Schweregrad, wie eine Person ASS erlebt, wird derzeit als Stufe 1, 2 oder 3 bezeichnet, basierend darauf, wie viel Unterst\u00fctzung ben\u00f6tigt wird. Die Unterst\u00fctzungsstufen werden separat f\u00fcr die beiden Schl\u00fcsselkomponenten von ASS beschrieben: soziale Schwierigkeiten und Rigidit\u00e4t\/repetitives Verhalten (RRBs). Stufe 1 wird zugewiesen, wenn vergleichsweise wenig Unterst\u00fctzung erforderlich ist, w\u00e4hrend bei Stufe 3 erhebliche Unterst\u00fctzung ben\u00f6tigt wird. Die Zuteilung zu einer Stufe kann sich im Laufe der Zeit\u00a0 \u00e4ndern \u2013 je nach Stressfaktoren, sozialer Unterst\u00fctzung und Bew\u00e4ltigungsstrategien der Person.<\/p>\n<p><strong>Was verursacht Autismus?<\/strong><\/p>\n<p>In den meisten F\u00e4llen ist Autismus genetisch bedingt, das hei\u00dft, wird \u00fcber die Gene einer Familie weitergegeben. Bestimmte genetische Bedingungen sind daf\u00fcr bekannt, dass sie Autismus verursachen, zum Beispiel das Fragile-X-Syndrom. Es gibt aber auch noch andere Faktoren, die Autismus ausl\u00f6sen, z.\u00a0B. wird ASS von \u00e4lteren Eltern h\u00e4ufiger vererbt, und auch ung\u00fcnstige Ereignisse w\u00e4hrend der Geburt und bestimmte medizinische Faktoren, wie z.\u00a0B. Tuber\u00f6se Sklerose, k\u00f6nnen ASS beg\u00fcnstigen.<\/p>\n<p><strong>Gibt es Autismus bei Jungen und M\u00e4dchen?<\/strong><\/p>\n<p>Je mehr unser Bewusstsein und Verst\u00e4ndnis f\u00fcr die subtilen Symptome von ASS voranschreiten, desto mehr Menschen werden mit diesem Leiden diagnostiziert. Aktuelle Forschungsergebnisse deuten darauf hin, dass bereits 1 von 52 Personen eine ASS-Diagnose hat (CDC, 2021). Und je mehr sich unser Bewusstsein und unser Verst\u00e4ndnis f\u00fcr die Art und Weise verst\u00e4rkt, wie sich ASS der Stufen 1 und 2 bei M\u00e4dchen manifestiert, je mehr M\u00e4dchen werden mit ASS diagnostiziert. W\u00e4hrend ASS daf\u00fcr bekannt ist, dass es bei Jungen h\u00e4ufiger auftritt, liegt unsere aktuelle Sch\u00e4tzung des Geschlechterverh\u00e4ltnisses bei 1 M\u00e4dchen pro 2 Jungen (Rutherford, et al., 2016), wobei die Sch\u00e4tzung bislang bei einem Verh\u00e4ltnis von 1:4 lag (APA, 2013).<\/p>\n<p><strong>Andere Leiden, die h\u00e4ufig im Zusammenhang mit Autismus auftreten<\/strong><\/p>\n<p>Es ist selten, dass nur Autismus festgestellt wird, denn es handelt sich um einen Gehirnunterschied, der h\u00e4ufig gemeinsam mit anderen Gehirnunterschieden zusammentrifft. Geistige Behinderung, Schwierigkeiten, sich verbal auszudr\u00fccken, ADHS und spezifische Lernbehinderungen, wie z.\u00a0B. Dyslexie, treten h\u00e4ufig im Zusammenhang mit Autismus auf. Auch die Gene f\u00fcr psychische Erkrankungen, wie z.\u00a0B. Depressionen, kommen h\u00e4ufig in Familien vor, die die Gene f\u00fcr Autismus in sich tragen. Daher erleben autistische Personen auch h\u00e4ufig Angst und\/oder Depressionen, was teilweise auf genetische Vererbung zur\u00fcckzuf\u00fchren ist.<\/p>\n<p><strong>Autismus verstehen<\/strong><\/p>\n<p>Es ist wichtig, daran zu denken, dass Autismus keine Krankheit und somit keine Heilung oder Behandlung notwendig ist (wobei einige der gleichzeitig auftretenden Leiden, wie Angstst\u00f6rungen, m\u00f6glicherweise einer Behandlung bed\u00fcrfen). Autismus ist ein Unterschied im Gehirn, und nat\u00fcrlich kann dieser Unterschied auch das Leben erschweren. Es ist jedoch wichtig, die Talente und St\u00e4rken, die Teil des Profils von Autismus sind, gleicherma\u00dfen zu erkennen und zu wissen, dass die meisten Menschen mit Autismus aktive Mitglieder der Gesellschaft mit erfolgreichen Zielen und Karrieren werden sowie erf\u00fcllende Beziehungen f\u00fchren und vielgeliebte Familien haben k\u00f6nnen.<\/p>\n<p>Das Hauptproblem f\u00fcr Menschen mit Autismus ist oft nicht der Autismus selbst, sondern die Ignoranz und das Missverst\u00e4ndnis, die in unserer Gesellschaft immer noch \u00fcber Autismus verbreitet sind. Autismus und die Art und Weise, wie Autismus sich bei Ihnen, Ihrem Kind oder Ihrem geliebten Menschen zeigt, zu verstehen, ist wichtig, um sich selbst oder diese Person zu unterst\u00fctzen und ihre Stimme zu sein, wenn andere Menschen dieses Verst\u00e4ndnis ben\u00f6tigen.<\/p>\n<p>Jede Person mit Autismus hat eine einzigartige Pers\u00f6nlichkeit und eindeutige Vorlieben, Abneigungen, Begabungen, St\u00e4rken und Schwierigkeiten. Wir sollten diese Personen ermutigen, erstklassige autistische Menschen zu sein, anstatt sich selbst als zweitklassiger neurotypischer Mensch zu sehen.<\/p>\n<p>Quelle: Mit freundlicher Genehmigung von Prof. Tony Attwood und Dr. Michelle Garnett: <a href=\"https:\/\/attwoodandgarnettevents.com\/category\/attwood-and-garnett-blog\/\">https:\/\/attwoodandgarnettevents.com\/category\/attwood-and-garnett-blog\/<\/a><\/p>\n<p>\u00a0<\/p>\n<\/div><div class=\"bde-back-to-top-515-114 bde-back-to-top bde-back-to-top--progress is-sticky\">\n\n\n<button aria-label=\"Back to top\" tabindex=\"0\" class=\"bde-back-to-top__button bde-back-to-top__button--progress bde-back-to-top__button--show-always bde-back-to-top__button--animation-fade is-sticky  js-ee-back-to-top\">\n    \t<svg class=\"bde-back-to-top__progress-svg js-progress-svg\" width=\"100%\" height=\"100%\" viewbox=\"-1 -1 102 102\">\n\t  <path class=\"background\" d=\"M50,1 a49,49 0 0,1 0,98 a49,49 0 0,1 0,-98\"\/>\n      <path class=\"tracker\" d=\"M50,1 a49,49 0 0,1 0,98 a49,49 0 0,1 0,-98\"\/>\n  \t<\/svg>\n         <div class=\"bde-back-to-top__icon-wrap\">\n              <svg xmlns=\"http:\/\/www.w3.org\/2000\/svg\" viewbox=\"0 0 384 512\"><!--! Font Awesome Pro 6.2.0 by @fontawesome - https:\/\/fontawesome.com License - https:\/\/fontawesome.com\/license (Commercial License) Copyright 2022 Fonticons, Inc. --><path d=\"M214.6 57.4L192 34.7 169.4 57.4l-144 144L2.7 224 48 269.2l22.6-22.6L160 157.2V448v32h64V448 157.2l89.4 89.4L336 269.2 381.3 224l-22.6-22.6-144-144z\"\/><\/svg>\n          <\/div>\n    <\/button>\n\n\n<\/div><\/div>\n<\/section>","protected":false},"excerpt":{"rendered":"<p>Zur\u00fcck Was ist Autismus? 29. September 2024 Von Dr. Michelle Garnett und Prof. Tony Attwood \u2013 \u00dcbersetzung: ProZ-Probono-Netzwerk Was ist Autismus? Es gibt so viele W\u00f6rter f\u00fcr ASS, einschlie\u00dflich Autismus, hochfunktionaler Autismus, Asperger-Syndrom und Autismus-Spektrum-St\u00f6rung, um nur einige zu nennen. Das am h\u00e4ufigsten verwendete ist Autismus-Spektrum-St\u00f6rung (ASS). ASS ist ein Begriff, mit dem einige einzigartige [&hellip;]<\/p>\n","protected":false},"author":1,"featured_media":517,"comment_status":"closed","ping_status":"open","sticky":false,"template":"","format":"standard","meta":{"_breakdance_hide_in_design_set":false,"_breakdance_tags":"","footnotes":""},"categories":[1],"tags":[],"class_list":["post-515","post","type-post","status-publish","format-standard","has-post-thumbnail","hentry","category-uncategorized"],"post_mailing_queue_ids":[],"_links":{"self":[{"href":"https:\/\/autismusinfo.com\/en\/wp-json\/wp\/v2\/posts\/515","targetHints":{"allow":["GET"]}}],"collection":[{"href":"https:\/\/autismusinfo.com\/en\/wp-json\/wp\/v2\/posts"}],"about":[{"href":"https:\/\/autismusinfo.com\/en\/wp-json\/wp\/v2\/types\/post"}],"author":[{"embeddable":true,"href":"https:\/\/autismusinfo.com\/en\/wp-json\/wp\/v2\/users\/1"}],"replies":[{"embeddable":true,"href":"https:\/\/autismusinfo.com\/en\/wp-json\/wp\/v2\/comments?post=515"}],"version-history":[{"count":2,"href":"https:\/\/autismusinfo.com\/en\/wp-json\/wp\/v2\/posts\/515\/revisions"}],"predecessor-version":[{"id":518,"href":"https:\/\/autismusinfo.com\/en\/wp-json\/wp\/v2\/posts\/515\/revisions\/518"}],"wp:featuredmedia":[{"embeddable":true,"href":"https:\/\/autismusinfo.com\/en\/wp-json\/wp\/v2\/media\/517"}],"wp:attachment":[{"href":"https:\/\/autismusinfo.com\/en\/wp-json\/wp\/v2\/media?parent=515"}],"wp:term":[{"taxonomy":"category","embeddable":true,"href":"https:\/\/autismusinfo.com\/en\/wp-json\/wp\/v2\/categories?post=515"},{"taxonomy":"post_tag","embeddable":true,"href":"https:\/\/autismusinfo.com\/en\/wp-json\/wp\/v2\/tags?post=515"}],"curies":[{"name":"wp","href":"https:\/\/api.w.org\/{rel}","templated":true}]}}